{"id":430,"date":"2023-04-21T05:55:51","date_gmt":"2023-04-21T05:55:51","guid":{"rendered":"https:\/\/www.eliejolliet.ch\/web\/?p=430"},"modified":"2025-02-18T08:33:50","modified_gmt":"2025-02-18T08:33:50","slug":"230421-orgel-oder-cembalo-lernen","status":"publish","type":"post","link":"https:\/\/www.eliejolliet.ch\/web\/archiv\/230421-orgel-oder-cembalo-lernen\/","title":{"rendered":"Orgel oder Cembalo lernen"},"content":{"rendered":"\n<p>Ab dem Schuljahr 2023\/24 unterrichte ich Orgel und Cembalo an der <a rel=\"noreferrer noopener\" href=\"https:\/\/www.musikschule-regionwohlen.ch\/\" target=\"_blank\">Musikschule Region Wohlen<\/a> (BE) sowie Orgel an der <a rel=\"noreferrer noopener\" href=\"https:\/\/ms-koeniz.ch\/\" target=\"_blank\">Musikschule K\u00f6niz<\/a>. Der Unterricht an einer \u00f6ffentlichen Musikschule steht Kindern, die in der jeweiligen Gemeinde wohnhaft sind, sowie Erwachsenen jeglichen Wohnorts offen. Alternativ ist es auch m\u00f6glich, den Unterricht auf privater Basis zu besuchen.<\/p>\n\n\n\n<p>Z\u00f6gern Sie nicht, mich zu <a href=\"https:\/\/www.eliejolliet.ch\/web\/kontakt\/\" data-type=\"page\" data-id=\"2\">kontaktieren<\/a>, wenn Sie an eine Orgel-  oder Cembalounterricht interessiert sind oder Fragen dazu haben. Gerne k\u00f6nnen wir ein Gespr\u00e4ch oder eine Schnupperlektion vereinbaren. Sie k\u00f6nnen sich auch direkt bei der entsprechenden Musikschule erkundigen.<\/p>\n\n\n\n<p>Anmeldeschluss f\u00fcrs Herbstsemester 2023 ist an der <a rel=\"noreferrer noopener\" href=\"https:\/\/www.musikschule-regionwohlen.ch\/kontakt\" target=\"_blank\">Musikschule Region Wohlen<\/a> der 1. Juni, an der <a rel=\"noreferrer noopener\" href=\"https:\/\/ms-koeniz.ch\/informationen\/anmelden\/\" target=\"_blank\">Musikschule K\u00f6niz<\/a> der 15. Mai.<\/p>\n","protected":false},"excerpt":{"rendered":"<p>an den Musikschulen K\u00f6niz und Region Wohlen oder auf privater Basis<\/p>\n","protected":false},"author":1,"featured_media":452,"comment_status":"closed","ping_status":"open","sticky":false,"template":"","format":"standard","meta":{"_jetpack_memberships_contains_paid_content":false,"footnotes":""},"categories":[24],"tags":[],"class_list":["post-430","post","type-post","status-publish","format-standard","has-post-thumbnail","hentry","category-archiv"],"jetpack_featured_media_url":"https:\/\/www.eliejolliet.ch\/web\/wp-content\/uploads\/2023\/04\/klosterkirche-muri-ag.jpg","jetpack_sharing_enabled":true,"_links":{"self":[{"href":"https:\/\/www.eliejolliet.ch\/web\/wp-json\/wp\/v2\/posts\/430","targetHints":{"allow":["GET"]}}],"collection":[{"href":"https:\/\/www.eliejolliet.ch\/web\/wp-json\/wp\/v2\/posts"}],"about":[{"href":"https:\/\/www.eliejolliet.ch\/web\/wp-json\/wp\/v2\/types\/post"}],"author":[{"embeddable":true,"href":"https:\/\/www.eliejolliet.ch\/web\/wp-json\/wp\/v2\/users\/1"}],"replies":[{"embeddable":true,"href":"https:\/\/www.eliejolliet.ch\/web\/wp-json\/wp\/v2\/comments?post=430"}],"version-history":[{"count":8,"href":"https:\/\/www.eliejolliet.ch\/web\/wp-json\/wp\/v2\/posts\/430\/revisions"}],"predecessor-version":[{"id":457,"href":"https:\/\/www.eliejolliet.ch\/web\/wp-json\/wp\/v2\/posts\/430\/revisions\/457"}],"wp:featuredmedia":[{"embeddable":true,"href":"https:\/\/www.eliejolliet.ch\/web\/wp-json\/wp\/v2\/media\/452"}],"wp:attachment":[{"href":"https:\/\/www.eliejolliet.ch\/web\/wp-json\/wp\/v2\/media?parent=430"}],"wp:term":[{"taxonomy":"category","embeddable":true,"href":"https:\/\/www.eliejolliet.ch\/web\/wp-json\/wp\/v2\/categories?post=430"},{"taxonomy":"post_tag","embeddable":true,"href":"https:\/\/www.eliejolliet.ch\/web\/wp-json\/wp\/v2\/tags?post=430"}],"curies":[{"name":"wp","href":"https:\/\/api.w.org\/{rel}","templated":true}]}}